{"id":1815,"date":"2023-08-09T20:36:05","date_gmt":"2023-08-09T18:36:05","guid":{"rendered":"https:\/\/bechtoldtajhaz.hu\/?p=1815"},"modified":"2023-08-09T21:37:18","modified_gmt":"2023-08-09T19:37:18","slug":"a-magyarorszagi-nemetek-csaladfakutato-egyesulete-az-akuff-konferenciajanak-volt-helyszine-2023-juniusanak-utolso-szombatjan-a-bechtold-svab-tajhaz","status":"publish","type":"post","link":"https:\/\/bechtoldtajhaz.hu\/de\/a-magyarorszagi-nemetek-csaladfakutato-egyesulete-az-akuff-konferenciajanak-volt-helyszine-2023-juniusanak-utolso-szombatjan-a-bechtold-svab-tajhaz\/","title":{"rendered":"A Magyarorsz\u00e1gi N\u00e9metek Csal\u00e1dfakutat\u00f3 Egyes\u00fclete &#8211; az AkuFF konferenci\u00e1j\u00e1nak volt helysz\u00edne 2023 j\u00fanius\u00e1nak utols\u00f3 szombatj\u00e1n a Bechtold Sv\u00e1b T\u00e1jh\u00e1z."},"content":{"rendered":"\n<p class=\"has-text-align-center\">Az AKuFF els\u0151sorban a magyarorsz\u00e1gi n\u00e9metek sz\u00e1rmaz\u00e1s\u00e1val foglalkoz\u00f3 csal\u00e1dfakutat\u00f3k szervezete. F\u0151 c\u00e9lja a kutat\u00f3k egy szervezetbe t\u00f6m\u00f6r\u00edt\u00e9se, egym\u00e1s kutat\u00e1si tev\u00e9kenys\u00e9g\u00e9nek megismer\u00e9se \u00e1ltal az inform\u00e1ci\u00f3csere el\u0151seg\u00edt\u00e9se, a kutat\u00e1shoz sz\u00fcks\u00e9ges szakmai seg\u00edts\u00e9gny\u00fajt\u00e1s \u00e9s a tudom\u00e1nyos h\u00e1tt\u00e9r biztos\u00edt\u00e1sa. \u00c9rdekl\u0151d\u00e9si k\u00f6r\u00fckbe <a><\/a>tartozik ezen k\u00edv\u00fcl a sv\u00e1bs\u00e1g t\u00f6rt\u00e9nete, helyt\u00f6rt\u00e9net, a t\u00f6rt\u00e9nelmi seg\u00e9dtudom\u00e1nyok (c\u00edmertan, pecs\u00e9ttan, archontol\u00f3gia, kit\u00fcntet\u00e9s-jelv\u00e9nytan, t\u00e9rk\u00e9p\u00e9szet stb.)<\/p>\n\n\n\n<p class=\"has-text-align-center\">A Bechtold Sv\u00e1b T\u00e1jh\u00e1zban tartott konferencia programja a k\u00f6vetkez\u0151 volt:<\/p>\n\n\n\n<p class=\"has-text-align-center\">Eln\u00f6ki t\u00e1j\u00e9koztat\u00f3t tartott Dr. Pencz Korn\u00e9l,<\/p>\n\n\n\n<p class=\"has-text-align-center\">Steiner Andrea int\u00e9zm\u00e9nyvezet\u0151 a m\u00fazeumi gy\u0171jtem\u00e9nyr\u0151l \u00e9s a m\u00fazeum nev\u00e9t ad\u00f3 Bechtold csal\u00e1dr\u00f3l mes\u00e9lt.<\/p>\n\n\n\n<p class=\"has-text-align-center\">A Biatorb\u00e1gyi N\u00e9met Nemzetis\u00e9gi \u00d6nkorm\u00e1nyzat eln\u00f6ke, W\u00e9ber Ferencn\u00e9 k\u00f6sz\u00f6nt\u00f6tte a jelenl\u00e9v\u0151ket. Besz\u00e9d\u00e9ben a helyi n\u00e9mets\u00e9g t\u00f6rt\u00e9net\u00e9t \u00e9s jelen\u00e9t ismertette a sz\u00e9psz\u00e1mban megjelent vend\u00e9gekkel.<\/p>\n\n\n\n<p class=\"has-text-align-center\">Ezt k\u00f6vett\u00e9k az el\u0151ad\u00e1sok:<\/p>\n\n\n\n<p class=\"has-text-align-center\">Steinhauser Kl\u00e1ra: \u00d6seinknek neh\u00e9z sorsa volt.<\/p>\n\n\n\n<p class=\"has-text-align-center\">Farkas Andrea &#8211; Krausz Szilvia: Besz\u00e1mol\u00f3 a haj\u00f3si Krauszok tal\u00e1lkoz\u00f3j\u00e1r\u00f3l<\/p>\n\n\n\n<p class=\"has-text-align-center\">Pencz Korn\u00e9l: A Pencz-nemzets\u00e9g el\u00e1gaz\u00e1sai.<\/p>\n\n\n\n<p class=\"has-text-align-center\">Az eb\u00e9det k\u00f6vet\u0151en helyt\u00f6rt\u00e9neti s\u00e9ta k\u00f6vetkezett.<\/p>\n\n\n\n<p class=\"has-text-align-center\"><\/p>\n\n\n\n<figure class=\"wp-block-gallery has-nested-images columns-default is-cropped wp-block-gallery-1 is-layout-flex wp-block-gallery-is-layout-flex\">\n<figure class=\"wp-block-image size-large\"><img loading=\"lazy\" decoding=\"async\" width=\"1024\" height=\"576\" data-id=\"1817\" src=\"https:\/\/bechtoldtajhaz.hu\/wp-content\/uploads\/2023\/08\/347548452-266252719349083-8794598152419868408-n-1024x576.jpg\" alt=\"\" class=\"wp-image-1817\" srcset=\"https:\/\/bechtoldtajhaz.hu\/wp-content\/uploads\/2023\/08\/347548452-266252719349083-8794598152419868408-n-1024x576.jpg 1024w, https:\/\/bechtoldtajhaz.hu\/wp-content\/uploads\/2023\/08\/347548452-266252719349083-8794598152419868408-n-300x169.jpg 300w, https:\/\/bechtoldtajhaz.hu\/wp-content\/uploads\/2023\/08\/347548452-266252719349083-8794598152419868408-n-768x432.jpg 768w, https:\/\/bechtoldtajhaz.hu\/wp-content\/uploads\/2023\/08\/347548452-266252719349083-8794598152419868408-n-1536x864.jpg 1536w, https:\/\/bechtoldtajhaz.hu\/wp-content\/uploads\/2023\/08\/347548452-266252719349083-8794598152419868408-n.jpg 2048w\" sizes=\"auto, (max-width: 767px) 89vw, (max-width: 1000px) 54vw, (max-width: 1071px) 543px, 580px\" \/><\/figure>\n\n\n\n<figure class=\"wp-block-image size-large\"><img loading=\"lazy\" decoding=\"async\" width=\"768\" height=\"1024\" data-id=\"1819\" src=\"https:\/\/bechtoldtajhaz.hu\/wp-content\/uploads\/2023\/08\/347553187-266250886015933-6294558065001831105-n-1-768x1024.jpg\" alt=\"\" class=\"wp-image-1819\" srcset=\"https:\/\/bechtoldtajhaz.hu\/wp-content\/uploads\/2023\/08\/347553187-266250886015933-6294558065001831105-n-1-768x1024.jpg 768w, https:\/\/bechtoldtajhaz.hu\/wp-content\/uploads\/2023\/08\/347553187-266250886015933-6294558065001831105-n-1-225x300.jpg 225w, https:\/\/bechtoldtajhaz.hu\/wp-content\/uploads\/2023\/08\/347553187-266250886015933-6294558065001831105-n-1-1152x1536.jpg 1152w, https:\/\/bechtoldtajhaz.hu\/wp-content\/uploads\/2023\/08\/347553187-266250886015933-6294558065001831105-n-1.jpg 1536w\" sizes=\"auto, (max-width: 767px) 89vw, (max-width: 1000px) 54vw, (max-width: 1071px) 543px, 580px\" \/><\/figure>\n\n\n\n<figure class=\"wp-block-image size-large\"><img loading=\"lazy\" decoding=\"async\" width=\"1024\" height=\"576\" data-id=\"1818\" src=\"https:\/\/bechtoldtajhaz.hu\/wp-content\/uploads\/2023\/08\/347555911-266252662682422-2554205356560849189-n-1024x576.jpg\" alt=\"\" class=\"wp-image-1818\" srcset=\"https:\/\/bechtoldtajhaz.hu\/wp-content\/uploads\/2023\/08\/347555911-266252662682422-2554205356560849189-n-1024x576.jpg 1024w, https:\/\/bechtoldtajhaz.hu\/wp-content\/uploads\/2023\/08\/347555911-266252662682422-2554205356560849189-n-300x169.jpg 300w, https:\/\/bechtoldtajhaz.hu\/wp-content\/uploads\/2023\/08\/347555911-266252662682422-2554205356560849189-n-768x432.jpg 768w, https:\/\/bechtoldtajhaz.hu\/wp-content\/uploads\/2023\/08\/347555911-266252662682422-2554205356560849189-n-1536x864.jpg 1536w, https:\/\/bechtoldtajhaz.hu\/wp-content\/uploads\/2023\/08\/347555911-266252662682422-2554205356560849189-n.jpg 2048w\" sizes=\"auto, (max-width: 767px) 89vw, (max-width: 1000px) 54vw, (max-width: 1071px) 543px, 580px\" \/><\/figure>\n<\/figure>\n\n\n\n<p class=\"has-text-align-center\">T\u00e1j\u00e9koztatjuk arr\u00f3l, hogy a Bechtold Sv\u00e1b T\u00e1jh\u00e1z esem\u00e9nyein k\u00e9p- \u00e9s hangfelv\u00e9tel k\u00e9sz\u00fclhet, melyet a T\u00e1jh\u00e1z a kommunik\u00e1ci\u00f3s fel\u00fcletein nyilv\u00e1noss\u00e1gra hozhat. A felv\u00e9tel t\u00f6rl\u00e9s\u00e9t az info<em>@<\/em><a href=\"http:\/\/bechtoldtajhaz.hu\" target=\"_blank\" rel=\"noreferrer noopener\">bechtoldtajhaz.hu<\/a> c\u00edmen k\u00e9rheti.\u00a0<\/p>\n","protected":false},"excerpt":{"rendered":"<p>Az AKuFF els\u0151sorban a magyarorsz\u00e1gi n\u00e9metek sz\u00e1rmaz\u00e1s\u00e1val foglalkoz\u00f3 csal\u00e1dfakutat\u00f3k szervezete. F\u0151 c\u00e9lja a kutat\u00f3k egy szervezetbe t\u00f6m\u00f6r\u00edt\u00e9se, egym\u00e1s kutat\u00e1si tev\u00e9kenys\u00e9g\u00e9nek megismer\u00e9se \u00e1ltal az inform\u00e1ci\u00f3csere el\u0151seg\u00edt\u00e9se, a kutat\u00e1shoz sz\u00fcks\u00e9ges szakmai seg\u00edts\u00e9gny\u00fajt\u00e1s \u00e9s a tudom\u00e1nyos h\u00e1tt\u00e9r biztos\u00edt\u00e1sa. \u00c9rdekl\u0151d\u00e9si k\u00f6r\u00fckbe tartozik ezen k\u00edv\u00fcl a sv\u00e1bs\u00e1g t\u00f6rt\u00e9nete, helyt\u00f6rt\u00e9net, a t\u00f6rt\u00e9nelmi seg\u00e9dtudom\u00e1nyok (c\u00edmertan, pecs\u00e9ttan, archontol\u00f3gia, kit\u00fcntet\u00e9s-jelv\u00e9nytan, t\u00e9rk\u00e9p\u00e9szet stb.) A Bechtold &hellip; <\/p>\n<p class=\"link-more\"><a href=\"https:\/\/bechtoldtajhaz.hu\/de\/a-magyarorszagi-nemetek-csaladfakutato-egyesulete-az-akuff-konferenciajanak-volt-helyszine-2023-juniusanak-utolso-szombatjan-a-bechtold-svab-tajhaz\/\" class=\"more-link\"><span class=\"screen-reader-text\">\u201eA Magyarorsz\u00e1gi N\u00e9metek Csal\u00e1dfakutat\u00f3 Egyes\u00fclete &#8211; az AkuFF konferenci\u00e1j\u00e1nak volt helysz\u00edne 2023 j\u00fanius\u00e1nak utols\u00f3 szombatj\u00e1n a Bechtold Sv\u00e1b T\u00e1jh\u00e1z.\u201c<\/span> weiterlesen<\/a><\/p>\n","protected":false},"author":3,"featured_media":0,"comment_status":"open","ping_status":"closed","sticky":false,"template":"","format":"standard","meta":{"ngg_post_thumbnail":0,"footnotes":""},"categories":[15],"tags":[],"class_list":["post-1815","post","type-post","status-publish","format-standard","hentry","category-hirek-esemenyek-programok"],"translation":{"provider":"WPGlobus","version":"3.0.0","language":"de","enabled_languages":["hu","de"],"languages":{"hu":{"title":true,"content":true,"excerpt":false},"de":{"title":false,"content":false,"excerpt":false}}},"aioseo_notices":[],"_links":{"self":[{"href":"https:\/\/bechtoldtajhaz.hu\/de\/wp-json\/wp\/v2\/posts\/1815","targetHints":{"allow":["GET"]}}],"collection":[{"href":"https:\/\/bechtoldtajhaz.hu\/de\/wp-json\/wp\/v2\/posts"}],"about":[{"href":"https:\/\/bechtoldtajhaz.hu\/de\/wp-json\/wp\/v2\/types\/post"}],"author":[{"embeddable":true,"href":"https:\/\/bechtoldtajhaz.hu\/de\/wp-json\/wp\/v2\/users\/3"}],"replies":[{"embeddable":true,"href":"https:\/\/bechtoldtajhaz.hu\/de\/wp-json\/wp\/v2\/comments?post=1815"}],"version-history":[{"count":2,"href":"https:\/\/bechtoldtajhaz.hu\/de\/wp-json\/wp\/v2\/posts\/1815\/revisions"}],"predecessor-version":[{"id":1879,"href":"https:\/\/bechtoldtajhaz.hu\/de\/wp-json\/wp\/v2\/posts\/1815\/revisions\/1879"}],"wp:attachment":[{"href":"https:\/\/bechtoldtajhaz.hu\/de\/wp-json\/wp\/v2\/media?parent=1815"}],"wp:term":[{"taxonomy":"category","embeddable":true,"href":"https:\/\/bechtoldtajhaz.hu\/de\/wp-json\/wp\/v2\/categories?post=1815"},{"taxonomy":"post_tag","embeddable":true,"href":"https:\/\/bechtoldtajhaz.hu\/de\/wp-json\/wp\/v2\/tags?post=1815"}],"curies":[{"name":"wp","href":"https:\/\/api.w.org\/{rel}","templated":true}]}}