{"id":1926,"date":"2025-05-20T13:54:30","date_gmt":"2025-05-20T11:54:30","guid":{"rendered":"https:\/\/bechtoldtajhaz.hu\/?p=1926"},"modified":"2025-05-20T13:54:31","modified_gmt":"2025-05-20T11:54:31","slug":"zenes-tancos-patak-party","status":"publish","type":"post","link":"https:\/\/bechtoldtajhaz.hu\/de\/zenes-tancos-patak-party\/","title":{"rendered":"Zen\u00e9s- t\u00e1ncos patak-party"},"content":{"rendered":"\n<p>Zen\u00e9s- t\u00e1ncos patak-party Biatorb\u00e1gyon 2025. m\u00e1jus 31., szombat d\u00e9lut\u00e1n 15.00 \u00f3rai kezdettel a Bechtold Sv\u00e1b T\u00e1jh\u00e1zban<\/p>\n\n\n\n<p>K\u00f6zrem\u0171k\u00f6dik a Carmina Renascenctia egy\u00fcttes \u00e9s a Speckbaum zenekar.<\/p>\n\n\n\n<p>A Carmina Renascentia egy\u00fcttes r\u00e9gi id\u0151k t\u00e1ncai mellett, ez\u00fattal Nagyk\u00e1roly- k\u00f6rny\u00e9ki sv\u00e1b muzsik\u00e1val l\u00e1togat Biatorb\u00e1gyra. Az \u00e9nekeket 1929-es Szatm\u00e1r-vid\u00e9ki l\u00e1togat\u00e1sa sor\u00e1n Hugo Moser gy\u0171jt\u00f6tte \u00f6ssze \u00e9s k\u00f6z\u00f6lte \u201e Alte Schw\u00e4bische Volkslierder aus Sathmar\u201c c\u00edm\u0171 gy\u0171jtem\u00e9ny\u00e9ben. 1992-ben a Collegium zenekar el\u0151ad\u00e1s\u00e1ban c\u00e9d\u00e9 \u00e9s lemezfelv\u00e9tel is k\u00e9sz\u00fclt a dalokb\u00f3l N\u00e9metorsz\u00e1gban.<\/p>\n\n\n\n<p>A Turwaller Musikfreunde Egyes\u00fclet- SpeckBaum zenekara c\u00e9lja a n\u00e9met nemzetis\u00e9gi hagyom\u00e1nyok meg\u0151rz\u00e9se, a zenei hagyom\u00e1nyok \u00e1pol\u00e1sa. Vallj\u00e1k, hogy a nemzetis\u00e9gi identit\u00e1s er\u0151s\u00edt\u00e9s\u00e9n kereszt\u00fcl lehet a legjobban meg\u0151rizni m\u00faltunkat \u00e9s biztos\u00edtani j\u00f6v\u0151nket.<\/p>\n\n\n\n<p>Szeretettel v\u00e1runk minden zenekedvel\u0151 t\u00e1jh\u00e1zbar\u00e1tot!<\/p>\n\n\n<div class=\"wp-block-image\">\n<figure class=\"aligncenter size-large\"><img loading=\"lazy\" decoding=\"async\" width=\"1024\" height=\"576\" src=\"https:\/\/bechtoldtajhaz.hu\/wp-content\/uploads\/2025\/05\/img-6051-1024x576.jpeg\" alt=\"\" class=\"wp-image-1927\" srcset=\"https:\/\/bechtoldtajhaz.hu\/wp-content\/uploads\/2025\/05\/img-6051-1024x576.jpeg 1024w, https:\/\/bechtoldtajhaz.hu\/wp-content\/uploads\/2025\/05\/img-6051-300x169.jpeg 300w, https:\/\/bechtoldtajhaz.hu\/wp-content\/uploads\/2025\/05\/img-6051-768x432.jpeg 768w, https:\/\/bechtoldtajhaz.hu\/wp-content\/uploads\/2025\/05\/img-6051-1536x864.jpeg 1536w, https:\/\/bechtoldtajhaz.hu\/wp-content\/uploads\/2025\/05\/img-6051.jpeg 1926w\" sizes=\"auto, (max-width: 767px) 89vw, (max-width: 1000px) 54vw, (max-width: 1071px) 543px, 580px\" \/><\/figure><\/div>\n\n<div class=\"wp-block-image\">\n<figure class=\"aligncenter size-large\"><img loading=\"lazy\" decoding=\"async\" width=\"1024\" height=\"765\" src=\"https:\/\/bechtoldtajhaz.hu\/wp-content\/uploads\/2025\/05\/img-6052-1024x765.jpeg\" alt=\"\" class=\"wp-image-1928\" srcset=\"https:\/\/bechtoldtajhaz.hu\/wp-content\/uploads\/2025\/05\/img-6052-1024x765.jpeg 1024w, https:\/\/bechtoldtajhaz.hu\/wp-content\/uploads\/2025\/05\/img-6052-300x224.jpeg 300w, https:\/\/bechtoldtajhaz.hu\/wp-content\/uploads\/2025\/05\/img-6052-768x574.jpeg 768w, https:\/\/bechtoldtajhaz.hu\/wp-content\/uploads\/2025\/05\/img-6052-1536x1147.jpeg 1536w, https:\/\/bechtoldtajhaz.hu\/wp-content\/uploads\/2025\/05\/img-6052.jpeg 1565w\" sizes=\"auto, (max-width: 767px) 89vw, (max-width: 1000px) 54vw, (max-width: 1071px) 543px, 580px\" \/><\/figure><\/div>","protected":false},"excerpt":{"rendered":"<p>Zen\u00e9s- t\u00e1ncos patak-party Biatorb\u00e1gyon 2025. m\u00e1jus 31., szombat d\u00e9lut\u00e1n 15.00 \u00f3rai kezdettel a Bechtold Sv\u00e1b T\u00e1jh\u00e1zban K\u00f6zrem\u0171k\u00f6dik a Carmina Renascenctia egy\u00fcttes \u00e9s a Speckbaum zenekar. A Carmina Renascentia egy\u00fcttes r\u00e9gi id\u0151k t\u00e1ncai mellett, ez\u00fattal Nagyk\u00e1roly- k\u00f6rny\u00e9ki sv\u00e1b muzsik\u00e1val l\u00e1togat Biatorb\u00e1gyra. Az \u00e9nekeket 1929-es Szatm\u00e1r-vid\u00e9ki l\u00e1togat\u00e1sa sor\u00e1n Hugo Moser gy\u0171jt\u00f6tte \u00f6ssze \u00e9s k\u00f6z\u00f6lte \u201e Alte Schw\u00e4bische &hellip; <\/p>\n<p class=\"link-more\"><a href=\"https:\/\/bechtoldtajhaz.hu\/de\/zenes-tancos-patak-party\/\" class=\"more-link\"><span class=\"screen-reader-text\">\u201eZen\u00e9s- t\u00e1ncos patak-party\u201c<\/span> weiterlesen<\/a><\/p>\n","protected":false},"author":3,"featured_media":0,"comment_status":"open","ping_status":"closed","sticky":false,"template":"","format":"standard","meta":{"ngg_post_thumbnail":0,"footnotes":""},"categories":[15],"tags":[],"class_list":["post-1926","post","type-post","status-publish","format-standard","hentry","category-hirek-esemenyek-programok"],"translation":{"provider":"WPGlobus","version":"3.0.0","language":"de","enabled_languages":["hu","de"],"languages":{"hu":{"title":true,"content":true,"excerpt":false},"de":{"title":false,"content":false,"excerpt":false}}},"aioseo_notices":[],"_links":{"self":[{"href":"https:\/\/bechtoldtajhaz.hu\/de\/wp-json\/wp\/v2\/posts\/1926","targetHints":{"allow":["GET"]}}],"collection":[{"href":"https:\/\/bechtoldtajhaz.hu\/de\/wp-json\/wp\/v2\/posts"}],"about":[{"href":"https:\/\/bechtoldtajhaz.hu\/de\/wp-json\/wp\/v2\/types\/post"}],"author":[{"embeddable":true,"href":"https:\/\/bechtoldtajhaz.hu\/de\/wp-json\/wp\/v2\/users\/3"}],"replies":[{"embeddable":true,"href":"https:\/\/bechtoldtajhaz.hu\/de\/wp-json\/wp\/v2\/comments?post=1926"}],"version-history":[{"count":1,"href":"https:\/\/bechtoldtajhaz.hu\/de\/wp-json\/wp\/v2\/posts\/1926\/revisions"}],"predecessor-version":[{"id":1929,"href":"https:\/\/bechtoldtajhaz.hu\/de\/wp-json\/wp\/v2\/posts\/1926\/revisions\/1929"}],"wp:attachment":[{"href":"https:\/\/bechtoldtajhaz.hu\/de\/wp-json\/wp\/v2\/media?parent=1926"}],"wp:term":[{"taxonomy":"category","embeddable":true,"href":"https:\/\/bechtoldtajhaz.hu\/de\/wp-json\/wp\/v2\/categories?post=1926"},{"taxonomy":"post_tag","embeddable":true,"href":"https:\/\/bechtoldtajhaz.hu\/de\/wp-json\/wp\/v2\/tags?post=1926"}],"curies":[{"name":"wp","href":"https:\/\/api.w.org\/{rel}","templated":true}]}}